[{"@context":"https:\/\/schema.org\/","@type":"Article","@id":"https:\/\/www.udedka.cz\/funguje-i-za-nizsich-teplot\/#Article","mainEntityOfPage":"https:\/\/www.udedka.cz\/funguje-i-za-nizsich-teplot\/","headline":"Funguje i za ni\u017e\u0161\u00edch teplot","name":"Funguje i za ni\u017e\u0161\u00edch teplot","description":"Adsorp\u010dn\u00ed odvlh\u010dova\u010d m\u00e1 v\u00fdhodu tak\u00e9 v jedn\u00e9 v\u011bci. Funguje i za ni\u017e\u0161\u00edch teplot, n\u011bkter\u00e9 dokonce i v mrazu. Ano i za mrazu je ve vzduchu obsa\u017eena p\u00e1ra a i led se vypa\u0159uje. Za\u0159\u00edzen\u00ed kondenza\u010dn\u00ed z principu sv\u00e9 \u010dinnosti nefunguj\u00ed dob\u0159e pod teplotou cca 10\u00b0C, co\u017e pro dom\u00e1cnost nem\u00e1 \u017e\u00e1dn\u00fd v\u00fdznam. Ale p\u0159i pr\u016fmyslov\u00e9m odvlh\u010dov\u00e1n\u00ed prostor [&hellip;]","datePublished":"2024-11-30","dateModified":"2024-11-30","author":{"@type":"Person","@id":"https:\/\/www.udedka.cz\/author\/#Person","name":"","url":"https:\/\/www.udedka.cz\/author\/","identifier":1,"image":{"@type":"ImageObject","@id":"https:\/\/secure.gravatar.com\/avatar\/f14f9548cfce1bfc4b3267434069a757db9568e455121a8852ede019c83b3b5e?s=96&d=mm&r=g","url":"https:\/\/secure.gravatar.com\/avatar\/f14f9548cfce1bfc4b3267434069a757db9568e455121a8852ede019c83b3b5e?s=96&d=mm&r=g","height":96,"width":96}},"publisher":{"@type":"Organization","name":"udedka.cz","logo":{"@type":"ImageObject","@id":"\/logo.png","url":"\/logo.png","width":600,"height":60}},"url":"https:\/\/www.udedka.cz\/funguje-i-za-nizsich-teplot\/","wordCount":193,"articleBody":"Adsorp\u010dn\u00ed odvlh\u010dova\u010d m\u00e1 v\u00fdhodu tak\u00e9 v jedn\u00e9 v\u011bci. Funguje i za ni\u017e\u0161\u00edch teplot, n\u011bkter\u00e9 dokonce i v mrazu. Ano i za mrazu je ve vzduchu obsa\u017eena p\u00e1ra a i led se vypa\u0159uje. Za\u0159\u00edzen\u00ed kondenza\u010dn\u00ed z principu sv\u00e9 \u010dinnosti nefunguj\u00ed dob\u0159e pod teplotou cca 10\u00b0C, co\u017e pro dom\u00e1cnost nem\u00e1 \u017e\u00e1dn\u00fd v\u00fdznam. Ale p\u0159i pr\u016fmyslov\u00e9m odvlh\u010dov\u00e1n\u00ed prostor to m\u016f\u017ee b\u00fdt docela z\u00e1sadn\u00ed faktor. Proto jsou adsorp\u010dn\u00ed za\u0159\u00edzen\u00ed v centru pozornosti hlavn\u011b pro pr\u016fmyslov\u00e9 vyu\u017eit\u00ed.Dal\u0161\u00ed pr\u016fmyslov\u00e9 \u0159e\u0161en\u00edJednou z mo\u017enost\u00ed, kter\u00e1 se s \u00fasp\u011bchem pou\u017e\u00edv\u00e1 hlavn\u011b na stavb\u00e1ch je tak\u00e9 vysou\u0161en\u00ed pr\u016fmyslov\u00fdmi ventil\u00e1tory. Princip jejich \u010dinnosti je jednoduch\u00fd, Ventil\u00e1tor \u017eene obrovsk\u00e9 mno\u017estv\u00ed vzduchu do prostoru a napom\u00e1h\u00e1 tak jeho proud\u011bn\u00edm k odeb\u00edr\u00e1n\u00ed p\u00e1ry z vlhk\u00e9ho zdiva, n\u00e1t\u011br\u016f apod. N\u011bkter\u00e9 typy se pou\u017e\u00edvaj\u00ed tak\u00e9 k nafukov\u00e1n\u00ed sportovn\u00edch hal, reklamn\u00edch nafukovac\u00edch instalac\u00ed, \u010di d\u011btsk\u00fdch hrac\u00edch hrad\u016f a sk\u00e1kadel.                                                                                                                                                                                                                                                                                                                                                                                        4.5\/5 - (4 votes)        "},{"@context":"https:\/\/schema.org\/","@type":"BreadcrumbList","itemListElement":[{"@type":"ListItem","position":1,"name":"Funguje i za ni\u017e\u0161\u00edch teplot","item":"https:\/\/www.udedka.cz\/funguje-i-za-nizsich-teplot\/#breadcrumbitem"}]}]