[{"@context":"https:\/\/schema.org\/","@type":"Article","@id":"https:\/\/www.udedka.cz\/nase-kongresove-centrum-si-dozajista-oblibite\/#Article","mainEntityOfPage":"https:\/\/www.udedka.cz\/nase-kongresove-centrum-si-dozajista-oblibite\/","headline":"Na\u0161e kongresov\u00e9 centrum si dozajista obl\u00edb\u00edte","name":"Na\u0161e kongresov\u00e9 centrum si dozajista obl\u00edb\u00edte","description":"Jste z Plzn\u011b a hled\u00e1te m\u00edsto, kde byste mohli ud\u011blat svatbu? Chcete modern\u00ed a designov\u011b velmi p\u0159\u00edjemn\u00e9 prost\u0159ed\u00ed, kde budete moci b\u00fdt i se v\u0161emi va\u0161imi p\u0159\u00e1teli, i kdy\u017e jich je hodn\u011b? V tom p\u0159\u00edpad\u011b je pro v\u00e1s skv\u011blou volbou kongresov\u00e9 centrum hotelu Primavera, kter\u00e9 je pro tyto akce p\u0159\u00edmo ide\u00e1ln\u00ed. Je to velmi prostorn\u00fd [&hellip;]","datePublished":"2024-04-05","dateModified":"2024-04-05","author":{"@type":"Person","@id":"https:\/\/www.udedka.cz\/author\/#Person","name":"","url":"https:\/\/www.udedka.cz\/author\/","identifier":1,"image":{"@type":"ImageObject","@id":"https:\/\/secure.gravatar.com\/avatar\/f14f9548cfce1bfc4b3267434069a757db9568e455121a8852ede019c83b3b5e?s=96&d=mm&r=g","url":"https:\/\/secure.gravatar.com\/avatar\/f14f9548cfce1bfc4b3267434069a757db9568e455121a8852ede019c83b3b5e?s=96&d=mm&r=g","height":96,"width":96}},"publisher":{"@type":"Organization","name":"udedka.cz","logo":{"@type":"ImageObject","@id":"\/logo.png","url":"\/logo.png","width":600,"height":60}},"url":"https:\/\/www.udedka.cz\/nase-kongresove-centrum-si-dozajista-oblibite\/","wordCount":237,"articleBody":"Jste z Plzn\u011b a hled\u00e1te m\u00edsto, kde byste mohli ud\u011blat svatbu? Chcete modern\u00ed a designov\u011b velmi p\u0159\u00edjemn\u00e9 prost\u0159ed\u00ed, kde budete moci b\u00fdt i se v\u0161emi va\u0161imi p\u0159\u00e1teli, i kdy\u017e jich je hodn\u011b? V tom p\u0159\u00edpad\u011b je pro v\u00e1s skv\u011blou volbou kongresov\u00e9 centrum hotelu Primavera, kter\u00e9 je pro tyto akce p\u0159\u00edmo ide\u00e1ln\u00ed. Je to velmi prostorn\u00fd s\u00e1l, kde je mo\u017eno usadit a\u017e t\u00e9m\u011b\u0159 t\u0159ista host\u016f a jeho sou\u010d\u00e1st\u00ed jsou i \u010dty\u0159i sal\u00f3nky. Nav\u00edc m\u016f\u017eete vyu\u017e\u00edt i zaji\u0161t\u011bn\u00ed j\u00eddeln\u00edho a n\u00e1pojov\u00e9ho servisu p\u0159\u00edmo od na\u0161eho hotelu nebo ubytov\u00e1n\u00ed. To v\u0161echno v\u00e1m nab\u00edz\u00edme za skv\u011bl\u00e9 ceny a za zaj\u00edmav\u00fdch podm\u00ednek. Garantujeme v\u00e1m, \u017ee budete zcela spokojen\u00ed a va\u0161e svatba nebo jak\u00e1koli jin\u00e1 akce, se povede.\tNa v\u0161em se s v\u00e1mi dohodnemeN\u00e1\u0161 hotel se s v\u00e1mi r\u00e1d na v\u0161em dohodne. Garantujeme v\u00e1m, \u017ee se domluv\u00edme na jak\u00fdchkoli detailech a nebudete na sto procent litovat, \u017ee jste si vybrali pr\u00e1v\u011b n\u00e1s. D\u00edky tomu m\u00e1me mnoho spokojen\u00fdch z\u00e1kazn\u00edk\u016f po cel\u00e9 Plzni, kte\u0159\u00ed se k n\u00e1m r\u00e1di vracej\u00ed. Kontaktujte n\u00e1s a zamluvte si na\u0161e kongresov\u00e9 centrum tak\u00e9 vy.                                                                                                                                                                                                                                                                                                                                                                                        4.7\/5 - (9 votes)        "},{"@context":"https:\/\/schema.org\/","@type":"BreadcrumbList","itemListElement":[{"@type":"ListItem","position":1,"name":"Na\u0161e kongresov\u00e9 centrum si dozajista obl\u00edb\u00edte","item":"https:\/\/www.udedka.cz\/nase-kongresove-centrum-si-dozajista-oblibite\/#breadcrumbitem"}]}]