[{"@context":"https:\/\/schema.org\/","@type":"Article","@id":"https:\/\/www.udedka.cz\/postele-s-osobitou-tvari\/#Article","mainEntityOfPage":"https:\/\/www.udedka.cz\/postele-s-osobitou-tvari\/","headline":"Postele s osobitou tv\u00e1\u0159\u00ed","name":"Postele s osobitou tv\u00e1\u0159\u00ed","description":"Snad jsme ji\u017e jednou prov\u017edy dali vale dob\u00e1m, kdy se na d\u011btech \u0161et\u0159ila ka\u017ed\u00e1 koruna. Jist\u011b to bylo d\u00e1no i dobou, kdy lid\u00e9 jednak nem\u011bli p\u0159\u00edli\u0161 mnoho pen\u011b\u017e a nav\u00edc \u0159ada v\u011bc\u00ed nebyla k sehn\u00e1n\u00ed. Dnes ji\u017e na\u0161t\u011bst\u00ed je v\u0161e snadno dostupn\u00e9 a d\u00edky internetu si mnoho v\u011bc\u00ed m\u016f\u017eete vybrat doma a nemus\u00edte se trm\u00e1cet [&hellip;]","datePublished":"2025-01-03","dateModified":"2025-01-03","author":{"@type":"Person","@id":"https:\/\/www.udedka.cz\/author\/#Person","name":"","url":"https:\/\/www.udedka.cz\/author\/","identifier":1,"image":{"@type":"ImageObject","@id":"https:\/\/secure.gravatar.com\/avatar\/f14f9548cfce1bfc4b3267434069a757db9568e455121a8852ede019c83b3b5e?s=96&d=mm&r=g","url":"https:\/\/secure.gravatar.com\/avatar\/f14f9548cfce1bfc4b3267434069a757db9568e455121a8852ede019c83b3b5e?s=96&d=mm&r=g","height":96,"width":96}},"publisher":{"@type":"Organization","name":"udedka.cz","logo":{"@type":"ImageObject","@id":"\/logo.png","url":"\/logo.png","width":600,"height":60}},"url":"https:\/\/www.udedka.cz\/postele-s-osobitou-tvari\/","wordCount":235,"articleBody":"Snad jsme ji\u017e jednou prov\u017edy dali vale dob\u00e1m, kdy se na d\u011btech \u0161et\u0159ila ka\u017ed\u00e1 koruna. Jist\u011b to bylo d\u00e1no i dobou, kdy lid\u00e9 jednak nem\u011bli p\u0159\u00edli\u0161 mnoho pen\u011b\u017e a nav\u00edc \u0159ada v\u011bc\u00ed nebyla k sehn\u00e1n\u00ed. Dnes ji\u017e na\u0161t\u011bst\u00ed je v\u0161e snadno dostupn\u00e9 a d\u00edky internetu si mnoho v\u011bc\u00ed m\u016f\u017eete vybrat doma a nemus\u00edte se trm\u00e1cet do kamenn\u00fdch obchod\u016f. A tato slova plat\u00ed i p\u0159\u00edpad\u011b, \u017ee jde o d\u011btsk\u00e9 postele \u010di jin\u00e9 vybaven\u00ed bytu. \u0158adu t\u011bchto v\u011bc\u00ed si m\u016f\u017eete vybrat a zakoupit i n\u00e1s, porad\u00edme V\u00e1m s mont\u00e1\u017e\u00ed a instalac\u00ed. Patrov\u00e1 postel- \u0159e\u0161en\u00ed pro mal\u00fd pokoj V\u011bt\u0161ina z n\u00e1s, kdo jsme vyr\u016fstali alespo\u0148 s jedn\u00edm sourozencem, jsme m\u011bli doma palandu, tedy patrovou d\u011btskou postel. Je to ji\u017e jak\u00fdsi evergreen mezi vybaven\u00edm d\u011btsk\u00e9ho pokoje. A podle v\u0161eho je\u0161t\u011b dlouho bude. Je to geni\u00e1ln\u00ed \u00faspora prostoru a t\u011b\u017eko n\u011bkdo vymysl\u00ed n\u011bco podobn\u011b jednoduch\u00e9ho a p\u0159itom geni\u00e1ln\u00edho. Postele, kter\u00e9 v t\u00e9to kategorii nab\u00edz\u00edme, jsou stav\u011bn\u00e9 tak, aby n\u011bco vydr\u017eely. Nav\u00edc je velmi jednoduch\u00fdm zp\u016fsobem m\u016f\u017eete rozlo\u017eit na dv\u011b samostatn\u00e9 postele, co\u017e by se leckdy mohlo hodit.                                                                                                                                                                                                                                                                                                                                                                                        4.3\/5 - (3 votes)        "},{"@context":"https:\/\/schema.org\/","@type":"BreadcrumbList","itemListElement":[{"@type":"ListItem","position":1,"name":"Postele s osobitou tv\u00e1\u0159\u00ed","item":"https:\/\/www.udedka.cz\/postele-s-osobitou-tvari\/#breadcrumbitem"}]}]