[{"@context":"https:\/\/schema.org\/","@type":"Article","@id":"https:\/\/www.udedka.cz\/vanocni-koreni-nejenom-na-vanoce\/#Article","mainEntityOfPage":"https:\/\/www.udedka.cz\/vanocni-koreni-nejenom-na-vanoce\/","headline":"V\u00e1no\u010dn\u00ed ko\u0159en\u00ed nejenom na V\u00e1noce","name":"V\u00e1no\u010dn\u00ed ko\u0159en\u00ed nejenom na V\u00e1noce","description":"Kdy\u017e se \u0159eknou V\u00e1noce, vybav\u00ed se mnoha lidem v\u016fn\u011b ko\u0159en\u00ed, sn\u00edh, mr\u00e1z, klidn\u00e1 rodinn\u00e1 atmosf\u00e9ra a v neposledn\u00ed \u0159ad\u011b i ozdoben\u00fd stromek, pod n\u00edm\u017e je nad\u00edlka pestrobarevn\u00fdch d\u00e1rk\u016f r\u016fzn\u00fdch velikost\u00ed. A\u010dkoli jsou V\u00e1noce spojen\u00e9 se sva\u0159en\u00fdm v\u00ednem a vanilkov\u00fdmi rohl\u00ed\u010dky, pern\u00edkem i purpurou, lze takov\u00e9 ko\u0159en\u00ed pou\u017e\u00edt v kuchyni a k provon\u011bn\u00ed dom\u00e1cnosti celoro\u010dn\u011b. Nap\u0159\u00edklad [&hellip;]","datePublished":"2020-09-03","dateModified":"2020-09-03","author":{"@type":"Person","@id":"https:\/\/www.udedka.cz\/author\/#Person","name":"","url":"https:\/\/www.udedka.cz\/author\/","identifier":1,"image":{"@type":"ImageObject","@id":"https:\/\/secure.gravatar.com\/avatar\/f14f9548cfce1bfc4b3267434069a757db9568e455121a8852ede019c83b3b5e?s=96&d=mm&r=g","url":"https:\/\/secure.gravatar.com\/avatar\/f14f9548cfce1bfc4b3267434069a757db9568e455121a8852ede019c83b3b5e?s=96&d=mm&r=g","height":96,"width":96}},"publisher":{"@type":"Organization","name":"udedka.cz","logo":{"@type":"ImageObject","@id":"\/logo.png","url":"\/logo.png","width":600,"height":60}},"image":{"@type":"ImageObject","@id":"https:\/\/www.udedka.cz\/wp-content\/uploads\/img_a341216_w2158_t1553953286.jpg","url":"https:\/\/www.udedka.cz\/wp-content\/uploads\/img_a341216_w2158_t1553953286.jpg","height":0,"width":0},"url":"https:\/\/www.udedka.cz\/vanocni-koreni-nejenom-na-vanoce\/","wordCount":501,"articleBody":"Kdy\u017e se \u0159eknou V\u00e1noce, vybav\u00ed se mnoha lidem v\u016fn\u011b ko\u0159en\u00ed, sn\u00edh, mr\u00e1z, klidn\u00e1 rodinn\u00e1 atmosf\u00e9ra a v neposledn\u00ed \u0159ad\u011b i ozdoben\u00fd stromek, pod n\u00edm\u017e je nad\u00edlka pestrobarevn\u00fdch d\u00e1rk\u016f r\u016fzn\u00fdch velikost\u00ed. A\u010dkoli jsou V\u00e1noce spojen\u00e9 se sva\u0159en\u00fdm v\u00ednem a vanilkov\u00fdmi rohl\u00ed\u010dky, pern\u00edkem i purpurou, lze takov\u00e9 ko\u0159en\u00ed pou\u017e\u00edt v kuchyni a k provon\u011bn\u00ed dom\u00e1cnosti celoro\u010dn\u011b. Nap\u0159\u00edklad sko\u0159ice pat\u0159\u00ed rozhodn\u011b na prvn\u00ed p\u0159\u00ed\u010dku nejpou\u017e\u00edvan\u011bj\u0161\u00edho ko\u0159en\u00ed v tomto zimn\u00edm obdob\u00ed, najdeme ji jako p\u0159\u00edsadu v hork\u00fdch n\u00e1poj\u00edch i cukrov\u00ed, ale tak\u00e9 jako dekoraci sv\u00e1te\u010dn\u00ed tabule. Obl\u00edben\u00e9 se staly sko\u0159icov\u00e9 su\u0161enky, a pokud sm\u00edch\u00e1me sko\u0159ic\u00ed s mou\u010dkov\u00fdm cukrem, i oby\u010dejn\u00e1 b\u00e1bovka m\u016f\u017ee navodit p\u0159\u00edjemn\u00e9 vzpom\u00ednky na tyto sv\u00e1tky tak\u00e9 v p\u0159\u00edb\u011bhu roku.  Natolik zn\u00e1m\u00e1 vanilka nesm\u00ed chyb\u011bt v kuchyni \u017e\u00e1dn\u00e9 hospody\u0148ky. Po cel\u00fd rok je k dost\u00e1n\u00ed vanilkov\u00fd cukr s opravdovou vanilkou, pop\u0159\u00edpad\u011b cukr vanil\u00ednov\u00fd, kter\u00fd obsahuje jen syntetick\u00e9 aroma. Ov\u0161em od vanilkov\u00fdch rohl\u00ed\u010dk\u016f nebo dokonce vanilkov\u00e9 zmrzliny, to nikoho neodrad\u00ed. Vynikaj\u00edc\u00ed \u010dajov\u00e9 pe\u010divo vykouzl\u00edme d\u00edky an\u00fdzu, kter\u00fd m\u00e1 velmi dobr\u00e9 \u00fa\u010dinky na tr\u00e1ven\u00ed i klidn\u011bj\u0161\u00ed mysl. Vhodn\u00fd je i an\u00fdzov\u00fd \u010daj, dokonce an\u00fdzov\u00e9 ty\u010dinky pot\u011b\u0161\u00ed jako dobrota i p\u0159i letn\u00edm posezen\u00ed. V hork\u00e9m n\u00e1poji by nem\u011bl chyb\u011bt kardamon. Kombinace jeho v\u016fn\u011b a chut\u011b v k\u00e1v\u011b nebo hork\u00e9 \u010dokol\u00e1d\u011b, je prost\u011b neodolateln\u00e1. Ji\u017e na\u0161e babi\u010dky jej m\u011bly v kuchyni po ruce, proto\u017ee se v\u00fdborn\u011b snoub\u00ed s medem a o\u0159echy, je tedy vhodn\u00fd do pern\u00edku i su\u0161enek.  Bady\u00e1n je ve tvaru hv\u011bzdy a snadno se d\u00e1 zapamatovat jako symbol V\u00e1noc, ale pou\u017eit\u00ed najde i p\u0159i zava\u0159ov\u00e1n\u00ed letn\u00edho ovoce. Skv\u011bl\u00e1 chu\u0165 bady\u00e1nov\u00fdch su\u0161enek spojen\u00fdch s ovocn\u00fdm kompotem nebo horka jablka s bady\u00e1nem a sko\u0159ic\u00ed, zah\u0159ej\u00ed po t\u011ble v chmurn\u00fdch dnech. Ani h\u0159eb\u00ed\u010dek, nej\u010dast\u011bji pou\u017e\u00edvan\u00fd do v\u00edna a pun\u010de, nesm\u00ed chyb\u011bt v pern\u00edku \u010di v pln\u011bn\u00fdch o\u0159e\u0161\u00edch. P\u0159es rok ovon\u00ed spolu s medem a jablky sv\u00e1te\u010dn\u00ed nebo ned\u011bln\u00ed pe\u010deni. Netradi\u010dn\u00ed chu\u0165 dod\u00e1 vype\u010den\u00e9 \u0161\u0165\u00e1v\u011b z masa. Nakonec je tu z\u00e1zvor, v posledn\u00edch n\u011bkolika letech pova\u017eovan\u00fd za z\u00e1zrak p\u0159i l\u00e9\u010db\u011b nachlazen\u00ed a ch\u0159ipky, jen\u017ee mimo h\u0159ejiv\u00e9ho z\u00e1zvorov\u00e9ho \u010daje, lze up\u00e9ct klasick\u00e9 staro\u010desk\u00e9 z\u00e1zvorky. Jako zpest\u0159en\u00ed je vhodn\u00e1 z\u00e1zvorov\u00e1 marmel\u00e1da s \u010derstv\u00fdm pe\u010divem hned po r\u00e1nu, probud\u00ed toti\u017e t\u011blo ke startu do nov\u00e9ho dne.                                                                                                                                                                                                                                                                                                                                                                                          3.5\/5 - (2 votes)        "},{"@context":"https:\/\/schema.org\/","@type":"BreadcrumbList","itemListElement":[{"@type":"ListItem","position":1,"name":"V\u00e1no\u010dn\u00ed ko\u0159en\u00ed nejenom na V\u00e1noce","item":"https:\/\/www.udedka.cz\/vanocni-koreni-nejenom-na-vanoce\/#breadcrumbitem"}]}]